{"id":299,"date":"2017-09-19T10:36:58","date_gmt":"2017-09-19T08:36:58","guid":{"rendered":"https:\/\/haks-projekt.de\/weserbergland\/?p=299"},"modified":"2017-09-21T10:45:31","modified_gmt":"2017-09-21T08:45:31","slug":"waermedaemmung-waermebruecken-und-luftdichtheit-der-gebaeudehuelle","status":"publish","type":"post","link":"https:\/\/haks-projekt.de\/weserbergland\/2017\/09\/19\/waermedaemmung-waermebruecken-und-luftdichtheit-der-gebaeudehuelle\/","title":{"rendered":"W\u00e4rmed\u00e4mmung, W\u00e4rmebr\u00fccken und Luftdichtheit der Geb\u00e4udeh\u00fclle"},"content":{"rendered":"<p>Am 19. September fand im Energie- und Umweltzentrum am Deister e.V. in Springe erneut das Modul des HAKS-Projektes mit dem Titel \u201eW\u00e4rmed\u00e4mmung, W\u00e4rmebr\u00fccken und Luftdichtheit der Geb\u00e4udeh\u00fclle\u201c statt. Mit den Ausbildern der Berufsbildenden Schule Stadthagen wurden in Theorie und Praxis verschiedene Bauschwerpunkte, wie zum Beispiel\u00a0 Eigenschaften der W\u00e4rmeleitf\u00e4higkeit,\u00a0 D\u00e4mmdicken\u00a0 eines \u201eNull-Energie-Hauses\u201c und Luftdichtheit der Geb\u00e4udeh\u00fclle erarbeitet.<\/p>\n<p>Wir bedanken uns bei allen Teilnehmer\/-innen!<\/p>\n<p>&nbsp;<\/p>\n\n\t\t<style type=\"text\/css\">\n\t\t\t#gallery-1 {\n\t\t\t\tmargin: auto;\n\t\t\t}\n\t\t\t#gallery-1 .gallery-item {\n\t\t\t\tfloat: left;\n\t\t\t\tmargin-top: 10px;\n\t\t\t\ttext-align: center;\n\t\t\t\twidth: 33%;\n\t\t\t}\n\t\t\t#gallery-1 img {\n\t\t\t\tborder: 2px solid #cfcfcf;\n\t\t\t}\n\t\t\t#gallery-1 .gallery-caption {\n\t\t\t\tmargin-left: 0;\n\t\t\t}\n\t\t\t\/* see gallery_shortcode() in wp-includes\/media.php *\/\n\t\t<\/style>\n\t\t<div id='gallery-1' class='gallery galleryid-299 gallery-columns-3 gallery-size-full'><dl class='gallery-item'>\n\t\t\t<dt class='gallery-icon landscape'>\n\t\t\t\t<a href='https:\/\/haks-projekt.de\/weserbergland\/wp-content\/uploads\/sites\/6\/2017\/09\/Weserbergland3.jpg' title=\"\" data-rl_title=\"\" class=\"rl-gallery-link\" data-rl_caption=\"\" data-rel=\"lightbox-gallery-1\"><img width=\"640\" height=\"480\" src=\"https:\/\/haks-projekt.de\/weserbergland\/wp-content\/uploads\/sites\/6\/2017\/09\/Weserbergland3.jpg\" class=\"attachment-full size-full\" alt=\"\" loading=\"lazy\" srcset=\"https:\/\/haks-projekt.de\/weserbergland\/wp-content\/uploads\/sites\/6\/2017\/09\/Weserbergland3.jpg 640w, https:\/\/haks-projekt.de\/weserbergland\/wp-content\/uploads\/sites\/6\/2017\/09\/Weserbergland3-300x225.jpg 300w\" sizes=\"(max-width: 640px) 100vw, 640px\" \/><\/a>\n\t\t\t<\/dt><\/dl><dl class='gallery-item'>\n\t\t\t<dt class='gallery-icon landscape'>\n\t\t\t\t<a href='https:\/\/haks-projekt.de\/weserbergland\/wp-content\/uploads\/sites\/6\/2017\/09\/Weserbergland1.jpg' title=\"\" data-rl_title=\"\" class=\"rl-gallery-link\" data-rl_caption=\"\" data-rel=\"lightbox-gallery-1\"><img width=\"640\" height=\"480\" src=\"https:\/\/haks-projekt.de\/weserbergland\/wp-content\/uploads\/sites\/6\/2017\/09\/Weserbergland1.jpg\" class=\"attachment-full size-full\" alt=\"\" loading=\"lazy\" srcset=\"https:\/\/haks-projekt.de\/weserbergland\/wp-content\/uploads\/sites\/6\/2017\/09\/Weserbergland1.jpg 640w, https:\/\/haks-projekt.de\/weserbergland\/wp-content\/uploads\/sites\/6\/2017\/09\/Weserbergland1-300x225.jpg 300w\" sizes=\"(max-width: 640px) 100vw, 640px\" \/><\/a>\n\t\t\t<\/dt><\/dl><dl class='gallery-item'>\n\t\t\t<dt class='gallery-icon landscape'>\n\t\t\t\t<a href='https:\/\/haks-projekt.de\/weserbergland\/wp-content\/uploads\/sites\/6\/2017\/09\/Weserbergland5.jpg' title=\"\" data-rl_title=\"\" class=\"rl-gallery-link\" data-rl_caption=\"\" data-rel=\"lightbox-gallery-1\"><img width=\"640\" height=\"480\" src=\"https:\/\/haks-projekt.de\/weserbergland\/wp-content\/uploads\/sites\/6\/2017\/09\/Weserbergland5.jpg\" class=\"attachment-full size-full\" alt=\"\" loading=\"lazy\" srcset=\"https:\/\/haks-projekt.de\/weserbergland\/wp-content\/uploads\/sites\/6\/2017\/09\/Weserbergland5.jpg 640w, https:\/\/haks-projekt.de\/weserbergland\/wp-content\/uploads\/sites\/6\/2017\/09\/Weserbergland5-300x225.jpg 300w\" sizes=\"(max-width: 640px) 100vw, 640px\" \/><\/a>\n\t\t\t<\/dt><\/dl><br style=\"clear: both\" \/><dl class='gallery-item'>\n\t\t\t<dt class='gallery-icon landscape'>\n\t\t\t\t<a href='https:\/\/haks-projekt.de\/weserbergland\/wp-content\/uploads\/sites\/6\/2017\/09\/Weserbergland2.jpg' title=\"\" data-rl_title=\"\" class=\"rl-gallery-link\" data-rl_caption=\"\" data-rel=\"lightbox-gallery-1\"><img width=\"640\" height=\"480\" src=\"https:\/\/haks-projekt.de\/weserbergland\/wp-content\/uploads\/sites\/6\/2017\/09\/Weserbergland2.jpg\" class=\"attachment-full size-full\" alt=\"\" loading=\"lazy\" srcset=\"https:\/\/haks-projekt.de\/weserbergland\/wp-content\/uploads\/sites\/6\/2017\/09\/Weserbergland2.jpg 640w, https:\/\/haks-projekt.de\/weserbergland\/wp-content\/uploads\/sites\/6\/2017\/09\/Weserbergland2-300x225.jpg 300w\" sizes=\"(max-width: 640px) 100vw, 640px\" \/><\/a>\n\t\t\t<\/dt><\/dl><dl class='gallery-item'>\n\t\t\t<dt class='gallery-icon landscape'>\n\t\t\t\t<a href='https:\/\/haks-projekt.de\/weserbergland\/wp-content\/uploads\/sites\/6\/2017\/09\/Weserbergland4.jpg' title=\"\" data-rl_title=\"\" class=\"rl-gallery-link\" data-rl_caption=\"\" data-rel=\"lightbox-gallery-1\"><img width=\"640\" height=\"480\" src=\"https:\/\/haks-projekt.de\/weserbergland\/wp-content\/uploads\/sites\/6\/2017\/09\/Weserbergland4.jpg\" class=\"attachment-full size-full\" alt=\"\" loading=\"lazy\" srcset=\"https:\/\/haks-projekt.de\/weserbergland\/wp-content\/uploads\/sites\/6\/2017\/09\/Weserbergland4.jpg 640w, https:\/\/haks-projekt.de\/weserbergland\/wp-content\/uploads\/sites\/6\/2017\/09\/Weserbergland4-300x225.jpg 300w\" sizes=\"(max-width: 640px) 100vw, 640px\" \/><\/a>\n\t\t\t<\/dt><\/dl>\n\t\t\t<br style='clear: both' \/>\n\t\t<\/div>\n\n","protected":false},"excerpt":{"rendered":"<p>Am 19. September fand im Energie- und Umweltzentrum am Deister e.V. in Springe erneut das Modul des HAKS-Projektes mit dem Titel \u201eW\u00e4rmed\u00e4mmung, W\u00e4rmebr\u00fccken und Luftdichtheit der Geb\u00e4udeh\u00fclle\u201c statt. Mit den Ausbildern der Berufsbildenden Schule Stadthagen wurden in Theorie und Praxis verschiedene Bauschwerpunkte, wie zum Beispiel\u00a0 Eigenschaften der W\u00e4rmeleitf\u00e4higkeit,\u00a0 D\u00e4mmdicken\u00a0 eines \u201eNull-Energie-Hauses\u201c und Luftdichtheit der Geb\u00e4udeh\u00fclle (\u2026)<\/p>\n","protected":false},"author":1,"featured_media":304,"comment_status":"closed","ping_status":"closed","sticky":false,"template":"","format":"standard","meta":[],"categories":[1],"tags":[],"_links":{"self":[{"href":"https:\/\/haks-projekt.de\/weserbergland\/wp-json\/wp\/v2\/posts\/299"}],"collection":[{"href":"https:\/\/haks-projekt.de\/weserbergland\/wp-json\/wp\/v2\/posts"}],"about":[{"href":"https:\/\/haks-projekt.de\/weserbergland\/wp-json\/wp\/v2\/types\/post"}],"author":[{"embeddable":true,"href":"https:\/\/haks-projekt.de\/weserbergland\/wp-json\/wp\/v2\/users\/1"}],"replies":[{"embeddable":true,"href":"https:\/\/haks-projekt.de\/weserbergland\/wp-json\/wp\/v2\/comments?post=299"}],"version-history":[{"count":2,"href":"https:\/\/haks-projekt.de\/weserbergland\/wp-json\/wp\/v2\/posts\/299\/revisions"}],"predecessor-version":[{"id":306,"href":"https:\/\/haks-projekt.de\/weserbergland\/wp-json\/wp\/v2\/posts\/299\/revisions\/306"}],"wp:featuredmedia":[{"embeddable":true,"href":"https:\/\/haks-projekt.de\/weserbergland\/wp-json\/wp\/v2\/media\/304"}],"wp:attachment":[{"href":"https:\/\/haks-projekt.de\/weserbergland\/wp-json\/wp\/v2\/media?parent=299"}],"wp:term":[{"taxonomy":"category","embeddable":true,"href":"https:\/\/haks-projekt.de\/weserbergland\/wp-json\/wp\/v2\/categories?post=299"},{"taxonomy":"post_tag","embeddable":true,"href":"https:\/\/haks-projekt.de\/weserbergland\/wp-json\/wp\/v2\/tags?post=299"}],"curies":[{"name":"wp","href":"https:\/\/api.w.org\/{rel}","templated":true}]}}